{"id":2541,"date":"2019-10-28T10:44:04","date_gmt":"2019-10-28T08:44:04","guid":{"rendered":"https:\/\/www.tanvitil.com\/?p=2541"},"modified":"2019-10-28T10:47:02","modified_gmt":"2019-10-28T08:47:02","slug":"vitiligo-que-es-y-cuales-son-sus-sintomas","status":"publish","type":"post","link":"https:\/\/www.tanvitil.com\/de\/blog\/vitiligo-que-es-y-cuales-son-sus-sintomas\/","title":{"rendered":"Vit\u00edligo qu\u00e9 es y cu\u00e1les son sus s\u00edntomas"},"content":{"rendered":"<p>Si te preguntas qu\u00e9 es el vit\u00edligo, se trata de una enfermedad de la piel que produce despigmentaci\u00f3n y que se manifiesta con la aparici\u00f3n de manchas blancas. Su evoluci\u00f3n es impredecible y puede afectar a cualquier parte del cuerpo.<br \/>\n<!--more--><\/p>\n<p>El vit\u00edligo provoca la destrucci\u00f3n de los melanocitos, los responsables de la producci\u00f3n de melanina y, por lo tanto, de la <strong>pigmentaci\u00f3n de la piel<\/strong>. Se considera una enfermedad de tipo autoinmune, en la que es el propio organismo el que ataca y destruye a los melanocitos porque los identifica como agentes agresores.<\/p>\n<p>A pesar de esto, los especialistas tambi\u00e9n valoran otra serie de factores que intervienen en el origen de la enfermedad:<\/p>\n<ul>\n<li><strong>Gen\u00e9ticos<\/strong> (se calcula que alrededor del 30% de los casos son hereditarios)<\/li>\n<li><strong>Factores medioambientales<\/strong>. Traumas f\u00edsicos como quemaduras o el estr\u00e9s emocional pueden actuar como detonantes del vit\u00edligo<\/li>\n<\/ul>\n<h2>Vit\u00edligo qu\u00e9 es y cu\u00e1les son sus s\u00edntomas<\/h2>\n<p>El vit\u00edligo afecta a entre el 2 y el 3% de la poblaci\u00f3n y en la mayor\u00eda de los casos aparece antes de los 20 a\u00f1os. Las manchas aparecen con mayor frecuencia en axilas e ingles, en la cara, las manos y los genitales, entre otras zonas.<\/p>\n<p>Adem\u00e1s de la p\u00e9rdida de pigmentaci\u00f3n, el v\u00edtilio se manifiesta con uno o varios de estos s\u00edntomas:<\/p>\n<ul>\n<li>Coloraci\u00f3n blanca o gris prematura del pelo, de las pesta\u00f1as, las cejas o la barba<\/li>\n<li>P\u00e9rdida de color en los tejidos que recubren el interior de la boca y la nariz<\/li>\n<li>P\u00e9rdida o cambio de color en la retina<\/li>\n<\/ul>\n<p>Existen diferentes tipos de vit\u00edligo:<\/p>\n<ul>\n<li>El <strong>vit\u00edligo tipo A o segmentario<\/strong> presenta una distribuci\u00f3n sim\u00e9trica y es 3 veces m\u00e1s frecuente que el tipo B. Se caracteriza porque los parches no est\u00e1n confinados y siguen apareciendo a lo largo de la vida.<\/li>\n<li>El\u00a0<strong>vit\u00edligo tipo B o no segmentario<\/strong>\u00a0es menos com\u00fan, se origina mayoritariamente en la infancia y la juventud y se caracteriza porque los parches est\u00e1n confinados y su aparici\u00f3n suele detenerse al cabo de aproximadamente un a\u00f1o.Se origina mayoritariamente en la infancia o la juventud.<\/li>\n<\/ul>\n<p>Puedes ampliar la informaci\u00f3n en <a href=\"https:\/\/www.mayoclinic.org\/es-es\/diseases-conditions\/vitiligo\/symptoms-causes\/syc-20355912\" target=\"_blank\" rel=\"noopener noreferrer\">este enlace<\/a>.<\/p>\n","protected":false},"excerpt":{"rendered":"<p>Si te preguntas qu\u00e9 es el vit\u00edligo, se trata de una enfermedad de la piel que produce despigmentaci\u00f3n y que se manifiesta con la aparici\u00f3n de manchas blancas. Su evoluci\u00f3n es impredecible y puede afectar a cualquier parte del cuerpo.<\/p>\n","protected":false},"author":1,"featured_media":2542,"comment_status":"closed","ping_status":"closed","sticky":false,"template":"","format":"standard","meta":{"_et_pb_use_builder":"","_et_pb_old_content":"","_et_gb_content_width":"","footnotes":""},"categories":[1],"tags":[6],"class_list":["post-2541","post","type-post","status-publish","format-standard","has-post-thumbnail","hentry","category-blog","tag-tratamiento-vitiligo"],"_links":{"self":[{"href":"https:\/\/www.tanvitil.com\/de\/wp-json\/wp\/v2\/posts\/2541","targetHints":{"allow":["GET"]}}],"collection":[{"href":"https:\/\/www.tanvitil.com\/de\/wp-json\/wp\/v2\/posts"}],"about":[{"href":"https:\/\/www.tanvitil.com\/de\/wp-json\/wp\/v2\/types\/post"}],"author":[{"embeddable":true,"href":"https:\/\/www.tanvitil.com\/de\/wp-json\/wp\/v2\/users\/1"}],"replies":[{"embeddable":true,"href":"https:\/\/www.tanvitil.com\/de\/wp-json\/wp\/v2\/comments?post=2541"}],"version-history":[{"count":3,"href":"https:\/\/www.tanvitil.com\/de\/wp-json\/wp\/v2\/posts\/2541\/revisions"}],"predecessor-version":[{"id":2545,"href":"https:\/\/www.tanvitil.com\/de\/wp-json\/wp\/v2\/posts\/2541\/revisions\/2545"}],"wp:featuredmedia":[{"embeddable":true,"href":"https:\/\/www.tanvitil.com\/de\/wp-json\/wp\/v2\/media\/2542"}],"wp:attachment":[{"href":"https:\/\/www.tanvitil.com\/de\/wp-json\/wp\/v2\/media?parent=2541"}],"wp:term":[{"taxonomy":"category","embeddable":true,"href":"https:\/\/www.tanvitil.com\/de\/wp-json\/wp\/v2\/categories?post=2541"},{"taxonomy":"post_tag","embeddable":true,"href":"https:\/\/www.tanvitil.com\/de\/wp-json\/wp\/v2\/tags?post=2541"}],"curies":[{"name":"wp","href":"https:\/\/api.w.org\/{rel}","templated":true}]}}