{"id":2231,"date":"2019-06-07T15:18:24","date_gmt":"2019-06-07T13:18:24","guid":{"rendered":"https:\/\/www.tanvitil.com\/?p=2231"},"modified":"2019-08-28T09:57:20","modified_gmt":"2019-08-28T07:57:20","slug":"proteccion-solar-y-autoexploracion-claves-para-prevenir-el-melanoma","status":"publish","type":"post","link":"https:\/\/www.tanvitil.com\/en\/blog\/proteccion-solar-y-autoexploracion-claves-para-prevenir-el-melanoma\/","title":{"rendered":"Protecci\u00f3n solar y autoexploraci\u00f3n, claves para prevenir el melanoma"},"content":{"rendered":"<p>Cada a\u00f1o se diagnostican alrededor de 5.000 nuevos casos de melanoma en Espa\u00f1a. Se trata del c\u00e1ncer de piel con peor pron\u00f3stico. Sin embargo, es el m\u00e1s prevenible. La fotoprotecci\u00f3n y la vigilancia peri\u00f3dica de la piel son dos de las llaves para su detecci\u00f3n precoz.<br \/>\n<!--more--><\/p>\n<p>Desde la <a href=\"https:\/\/fundacionpielsana.es\/\" target=\"_blank\" rel=\"noopener noreferrer\">Fundaci\u00f3n Piel Sana de la Asociaci\u00f3n Espa\u00f1ola de Dermatolog\u00eda y Veneorolog\u00eda (AEDV)<\/a> recomiendan realizar una autoexploraci\u00f3n mensual de la piel. Asimismo recomiendan usar la fotoprotecci\u00f3n adecuada para prevenir el melanoma.<\/p>\n<p>Se trata de detectar cambios en lunares o alg\u00fan signo sospechoso. Algo a tener muy en cuenta porque, seg\u00fan destacan desde la AEDV, si un melanoma se detecta precozmente, la probabilidad de curarlo con \u00e9xito se acerca al 80%.<\/p>\n<p>Seg\u00fan los datos de una encuesta realizada por Euromelanoma Europa y la Fundaci\u00f3n para la Investigaci\u00f3n del Melanoma (MRF) a m\u00e1s de 1.300 dermat\u00f3logos, la mitad de los pacientes retrasan la b\u00fasqueda de ayuda m\u00e9dica y tratamiento de tres a seis meses, un 39% de 7 a 12 meses y un 14%, un a\u00f1o.<\/p>\n<h2>Se\u00f1ales de alarma frente al melanoma<\/h2>\n<p>Estas son las se\u00f1ales de cambio que hay que observar al autoexplorar los lunares de nuestra piel:<\/p>\n<ul>\n<li>Asimetr\u00eda o forma irregular.<\/li>\n<li>Bordes poco definidos o irregulares.<\/li>\n<li>Color que no es homog\u00e9neo.<\/li>\n<li>Di\u00e1metro superior a seis mil\u00edmetros.<\/li>\n<li>Cambios en la forma, color o relieve del lunar o s\u00edntomas (como picor, dolor o sangrado).<\/li>\n<li>El melanoma puede presentarse en cualquier parte del cuerpo, por lo que hay que revisar tambi\u00e9n tambi\u00e9n el cuero cabelludo, la espalda, los espacios entre los dedos y la planta de los pies.<\/li>\n<\/ul>\n<p>Si detectas alguna de estas circunstancias, acude a tu dermat\u00f3logo\/a. La Fundaci\u00f3n Sana de la AEDV celebra del 24 a l 28 de junio la semana de cribado. Pueden solicitar una cita gratuita a trav\u00e9s del tel\u00e9fono 91 543 45 35 o de<a href=\"http:\/\/euromelanoma.aedv.es\/login-paciente\" target=\"_blank\" rel=\"noopener noreferrer\"> su web<\/a>.<\/p>\n","protected":false},"excerpt":{"rendered":"<p>Cada a\u00f1o se diagnostican alrededor de 5.000 nuevos casos de melanoma en Espa\u00f1a. Se trata del c\u00e1ncer de piel con peor pron\u00f3stico. Sin embargo, es el m\u00e1s prevenible. La fotoprotecci\u00f3n y la vigilancia peri\u00f3dica de la piel son dos de las llaves para su detecci\u00f3n precoz.<\/p>\n","protected":false},"author":1,"featured_media":2232,"comment_status":"closed","ping_status":"closed","sticky":false,"template":"","format":"standard","meta":{"_et_pb_use_builder":"","_et_pb_old_content":"","_et_gb_content_width":"","footnotes":""},"categories":[1],"tags":[],"class_list":["post-2231","post","type-post","status-publish","format-standard","has-post-thumbnail","hentry","category-blog"],"_links":{"self":[{"href":"https:\/\/www.tanvitil.com\/en\/wp-json\/wp\/v2\/posts\/2231","targetHints":{"allow":["GET"]}}],"collection":[{"href":"https:\/\/www.tanvitil.com\/en\/wp-json\/wp\/v2\/posts"}],"about":[{"href":"https:\/\/www.tanvitil.com\/en\/wp-json\/wp\/v2\/types\/post"}],"author":[{"embeddable":true,"href":"https:\/\/www.tanvitil.com\/en\/wp-json\/wp\/v2\/users\/1"}],"replies":[{"embeddable":true,"href":"https:\/\/www.tanvitil.com\/en\/wp-json\/wp\/v2\/comments?post=2231"}],"version-history":[{"count":1,"href":"https:\/\/www.tanvitil.com\/en\/wp-json\/wp\/v2\/posts\/2231\/revisions"}],"predecessor-version":[{"id":2233,"href":"https:\/\/www.tanvitil.com\/en\/wp-json\/wp\/v2\/posts\/2231\/revisions\/2233"}],"wp:featuredmedia":[{"embeddable":true,"href":"https:\/\/www.tanvitil.com\/en\/wp-json\/wp\/v2\/media\/2232"}],"wp:attachment":[{"href":"https:\/\/www.tanvitil.com\/en\/wp-json\/wp\/v2\/media?parent=2231"}],"wp:term":[{"taxonomy":"category","embeddable":true,"href":"https:\/\/www.tanvitil.com\/en\/wp-json\/wp\/v2\/categories?post=2231"},{"taxonomy":"post_tag","embeddable":true,"href":"https:\/\/www.tanvitil.com\/en\/wp-json\/wp\/v2\/tags?post=2231"}],"curies":[{"name":"wp","href":"https:\/\/api.w.org\/{rel}","templated":true}]}}