{"id":2561,"date":"2019-11-19T12:59:38","date_gmt":"2019-11-19T10:59:38","guid":{"rendered":"https:\/\/www.tanvitil.com\/?p=2561"},"modified":"2019-11-19T13:02:18","modified_gmt":"2019-11-19T11:02:18","slug":"como-tratar-las-quemaduras-por-laser","status":"publish","type":"post","link":"https:\/\/www.tanvitil.com\/en\/blog\/como-tratar-las-quemaduras-por-laser\/","title":{"rendered":"C\u00f3mo tratar las quemaduras por l\u00e1ser"},"content":{"rendered":"<p>Las quemaduras por l\u00e1ser pueden producir hipopigmentaci\u00f3n, es decir, disminuci\u00f3n o ausencia de melanina. Estas manchas blancas pueden tratarse con la combinaci\u00f3n de fototerapia y fotosensibilizantes, tanto en gel como en c\u00e1psulas.<br \/>\n<!--more--><\/p>\n<p>El tratamiento combinado con fototerapia y fotosensibilizantes ofrece muy buenos resultados en el tratamiento de las manchas blancas producidas por quemaduras por depilaci\u00f3n l\u00e1ser.<\/p>\n<p>La depilaci\u00f3n l\u00e1ser es una t\u00e9cnica que se basa en la destrucci\u00f3n de la ra\u00edz del pelo. El l\u00e1ser act\u00faa sobre la melanina, presente en el cabello, destruyendo el bulbo piloso. Por ello, esta t\u00e9cnica est\u00e1 totalmente desaconsejada en pacientes con vit\u00edligo. Tambi\u00e9n en los que tienen otras enfermedades de la piel como la psoriasis.<\/p>\n<h2>Fototerapia y fotosensibilizantes<\/h2>\n<p>La combinaci\u00f3n de fototerapia dom\u00e9stica y fotosensibilizantes t\u00f3picos (<a href=\"https:\/\/www.tratamientodelvitiligo.es\/product\/fenadul-gel\/?v=04c19fa1e772\" target=\"_blank\" rel=\"noopener noreferrer\">Fenadul gel<\/a>) y orales (<a href=\"https:\/\/www.tratamientodelvitiligo.es\/product\/fenadul-capsulas\/?v=04c19fa1e772\" target=\"_blank\" rel=\"noopener noreferrer\">Fenadul c\u00e1psulas<\/a>) favorece la s\u00edntesis de melanina.<\/p>\n<p>La L-Fenilalanina, presente tanto en Fenadul gel como en Fenadul c\u00e1psulas, activa los melanocitos alterados en presencia de la radiaci\u00f3n solar.<\/p>\n<p>Esta activaci\u00f3n se traduce en un trasvase de melanocitos desde las \u00e1reas pigmentadas a las despigmentadas. Esto es prec\u00edsamente lo que estimula la repigmentaci\u00f3n de las manchas blancas.<\/p>\n<p>Este tratamiento est\u00e1 recomendado para aplicarse tres veces por semana. En primer lugar se toman las c\u00e1psulas 45 minutos antes de la fototerapia; 30 minutos antes de la fototerapia aplicar el gel.<\/p>\n<p>La acci\u00f3n de los fotosensibilizantes puede potenciarse tambi\u00e9n con antioxidantes para la regulaci\u00f3n de la pigmentaci\u00f3n, como los del <a href=\"https:\/\/www.tratamientodelvitiligo.es\/product\/meladul\/?v=04c19fa1e772\" target=\"_blank\" rel=\"noopener noreferrer\">gel Meladul<\/a>.<\/p>\n<p>En el cat\u00e1logo de Abedul Productos Farmac\u00e9uticos encontrar\u00e9is tambi\u00e9n una <a href=\"https:\/\/www.tratamientodelvitiligo.es\/product\/lampara-de-fototerapia-uv\/?v=04c19fa1e772\" target=\"_blank\" rel=\"noopener noreferrer\">l\u00e1mpara de fototerapia dom\u00e9stica<\/a> para poder aplicar el tratamiento en casa. Cuenta con un temporizador y un manual en el que se detallan los tiempos de exposici\u00f3n y c\u00f3mo administrar la fototerapia de forma adecuada.<\/p>\n<p>Esta l\u00e1mpara est\u00e1 en el grupo de las l\u00e1mparas UVB de banda estrecha, que s\u00f3lo usan las longitudes de onda de luz ultravioleta m\u00e1s beneficiosas.<\/p>\n<p>Para lograr resultados se recomienda mantener el tratamiento entre 6 y 24 meses.<\/p>\n<p>En Abedul Productos Farmac\u00e9uticos hemos preparado dos packs promocionales con las dos l\u00edneas m\u00e1s efectivas de tratamiento:<\/p>\n<h4><a href=\"https:\/\/www.tratamientodelvitiligo.es\/product\/pack-fototerapia-para-el-vitiligo\/?v=04c19fa1e772\" target=\"_blank\" rel=\"noopener noreferrer\">Pack L\u00e1mpara fototerapia +Meladul +Fenadul c\u00e1psulas + Gel<\/a><\/h4>\n<p>La combinaci\u00f3n de fotosensibilizantes (Fenadul) con reguladores de la pigmentaci\u00f3n (Meladul) y fototerapia, es uno de los tratamientos m\u00e1s potentes para la repigmentaci\u00f3n de las manchas blancas provocadas por el vit\u00edligo y otras enfermedades de la piel.<\/p>\n<h4><a href=\"https:\/\/www.tratamientodelvitiligo.es\/product\/fenadul-capsulas-meladul-lampara-fototerapia\/?v=04c19fa1e772\" target=\"_blank\" rel=\"noopener noreferrer\">Pack L\u00e1mpara fototerapia +Meladul +Fenadul c\u00e1psulas<\/a><\/h4>\n<p>La combinaci\u00f3n de fotosensibilizantes (Fenadul) con reguladores de la pigmentaci\u00f3n (Meladul) y fototerapia, es uno de los tratamientos m\u00e1s potentes para la repigmentaci\u00f3n de las manchas blancas provocadas por el vit\u00edligo y otras enfermedades de la piel.<\/p>\n","protected":false},"excerpt":{"rendered":"<p>Las quemaduras por l\u00e1ser pueden producir hipopigmentaci\u00f3n, es decir, disminuci\u00f3n o ausencia de melanina. Estas manchas blancas pueden tratarse con la combinaci\u00f3n de fototerapia y fotosensibilizantes, tanto en gel como en c\u00e1psulas.<\/p>\n","protected":false},"author":1,"featured_media":2566,"comment_status":"closed","ping_status":"closed","sticky":false,"template":"","format":"standard","meta":{"_et_pb_use_builder":"","_et_pb_old_content":"","_et_gb_content_width":"","footnotes":""},"categories":[1],"tags":[6],"class_list":["post-2561","post","type-post","status-publish","format-standard","has-post-thumbnail","hentry","category-blog","tag-tratamiento-vitiligo"],"_links":{"self":[{"href":"https:\/\/www.tanvitil.com\/en\/wp-json\/wp\/v2\/posts\/2561","targetHints":{"allow":["GET"]}}],"collection":[{"href":"https:\/\/www.tanvitil.com\/en\/wp-json\/wp\/v2\/posts"}],"about":[{"href":"https:\/\/www.tanvitil.com\/en\/wp-json\/wp\/v2\/types\/post"}],"author":[{"embeddable":true,"href":"https:\/\/www.tanvitil.com\/en\/wp-json\/wp\/v2\/users\/1"}],"replies":[{"embeddable":true,"href":"https:\/\/www.tanvitil.com\/en\/wp-json\/wp\/v2\/comments?post=2561"}],"version-history":[{"count":3,"href":"https:\/\/www.tanvitil.com\/en\/wp-json\/wp\/v2\/posts\/2561\/revisions"}],"predecessor-version":[{"id":2567,"href":"https:\/\/www.tanvitil.com\/en\/wp-json\/wp\/v2\/posts\/2561\/revisions\/2567"}],"wp:featuredmedia":[{"embeddable":true,"href":"https:\/\/www.tanvitil.com\/en\/wp-json\/wp\/v2\/media\/2566"}],"wp:attachment":[{"href":"https:\/\/www.tanvitil.com\/en\/wp-json\/wp\/v2\/media?parent=2561"}],"wp:term":[{"taxonomy":"category","embeddable":true,"href":"https:\/\/www.tanvitil.com\/en\/wp-json\/wp\/v2\/categories?post=2561"},{"taxonomy":"post_tag","embeddable":true,"href":"https:\/\/www.tanvitil.com\/en\/wp-json\/wp\/v2\/tags?post=2561"}],"curies":[{"name":"wp","href":"https:\/\/api.w.org\/{rel}","templated":true}]}}