{"id":2657,"date":"2020-02-05T12:56:08","date_gmt":"2020-02-05T10:56:08","guid":{"rendered":"https:\/\/www.tanvitil.com\/?p=2657"},"modified":"2020-02-05T12:58:21","modified_gmt":"2020-02-05T10:58:21","slug":"como-cuidar-y-tratar-las-marcas-por-traumatismos-y-quemaduras","status":"publish","type":"post","link":"https:\/\/www.tanvitil.com\/en\/blog\/como-cuidar-y-tratar-las-marcas-por-traumatismos-y-quemaduras\/","title":{"rendered":"C\u00f3mo cuidar y tratar las marcas por traumatismos y quemaduras"},"content":{"rendered":"<p>Las quemaduras y los traumatismos pueden dejar marcas en la piel, sobre todo cuando el proceso de cicatrizaci\u00f3n y renovaci\u00f3n de la piel se ve afectado por un cuidado inadecuado. Os damos algunas pautas para su cuidado.<br \/>\n<!--more--><\/p>\n<p>Despu\u00e9s de una quemadura o de una herida por un golpe, hay veces en que nuestra piel no se cura de forma adecuada. Aparecen en algunos casos manchas, bien sea blancas u oscuras, que responden a alteraciones en la pigmentaci\u00f3n. Si no se tratan bien pueden las manchas pueden ser permanentes.<\/p>\n<p>Es importante hacer las curas pertinentes de las heridas en un primer momento, con gasas y el material est\u00e9ril necesarios hasta que la piel se haya curado. A partir de ah\u00ed, la hidrataci\u00f3n y la fotoprotecci\u00f3n deber\u00edan ser dos de los cuidados esenciales. El aloe vera puede ser un gran aliado por sus propiedades cicatrizantes y reparadoras.<\/p>\n<p>Pasado un tiempo pueden quedar unas marcas a modo de manchas por la alteraci\u00f3n de la producci\u00f3n de melanina en las zonas en las que estaba la lesi\u00f3n.<\/p>\n<p>Este es el caso de las quemaduras por l\u00e1ser, que producen hipopigmentaci\u00f3n. Para tratarlas, la combinaci\u00f3n de fototerapia, fotosensibilizantes y reguladores de la pigmentaci\u00f3n est\u00e1 ofreciendo muy buenos resultados.<\/p>\n<h2>Fototerapia combinada con fotosensibilizantes<\/h2>\n<p>Para estimular la repigmentaci\u00f3n de las manchas blancas se recomienda recurrir a los fotosensibilizantes, tanto en c\u00e1psulas (<a href=\"https:\/\/www.tratamientodelvitiligo.es\/product\/fenadul-capsulas\/?v=04c19fa1e772\" target=\"_blank\" rel=\"noopener noreferrer\">Fenadul caps.<\/a>) como en gel (<a href=\"https:\/\/www.tratamientodelvitiligo.es\/product\/fenadul-gel\/?v=04c19fa1e772\" target=\"_blank\" rel=\"noopener noreferrer\">Fenadul gel<\/a>), Se recomienda tomar las c\u00e1psulas 45 minutos antes de la fototerapia y aplicar el 30 minutos antes de cada sesi\u00f3n. La gama Fenadul act\u00faa estimulando la los melanocitos, responsables de la creaci\u00f3n de la melanina, durante la exposici\u00f3n a los rayos UVB.<\/p>\n<p>No est\u00e1 de m\u00e1s recordar que la <a href=\"https:\/\/www.tratamientodelvitiligo.es\/product\/lampara-de-fototerapia-uv\/?v=04c19fa1e772\" target=\"_blank\" rel=\"noopener noreferrer\">l\u00e1mpara de fototerapia de Abedul<\/a> tiene la ventaja de que prescinde de la radiaci\u00f3n m\u00e1s da\u00f1ina y se queda con la positiva. \u00a0S\u00f3lo usa las longitudes de onda de luz ultravioleta m\u00e1s beneficiosas para nuestra piel.<\/p>\n<p>Si queremos reforzar los resultados los fotosensibilizantes pueden combinarse con<a href=\"https:\/\/www.tratamientodelvitiligo.es\/product\/meladul\/?v=04c19fa1e772\" target=\"_blank\" rel=\"noopener noreferrer\"> Meladul gel<\/a>. Contiene SOD, un potente antioxidante que ayudar a regular la pigmentaci\u00f3n de las zonas da\u00f1adas, buen sea por una quemadura o por un traumatismo.<\/p>\n","protected":false},"excerpt":{"rendered":"<p>Las quemaduras y los traumatismos pueden dejar marcas en la piel, sobre todo cuando el proceso de cicatrizaci\u00f3n y renovaci\u00f3n de la piel se ve afectado por un cuidado inadecuado. Os damos algunas pautas para su cuidado.<\/p>\n","protected":false},"author":1,"featured_media":2659,"comment_status":"closed","ping_status":"closed","sticky":false,"template":"","format":"standard","meta":{"_et_pb_use_builder":"","_et_pb_old_content":"","_et_gb_content_width":"","footnotes":""},"categories":[1],"tags":[4],"class_list":["post-2657","post","type-post","status-publish","format-standard","has-post-thumbnail","hentry","category-blog","tag-cuidados-para-la-piel"],"_links":{"self":[{"href":"https:\/\/www.tanvitil.com\/en\/wp-json\/wp\/v2\/posts\/2657","targetHints":{"allow":["GET"]}}],"collection":[{"href":"https:\/\/www.tanvitil.com\/en\/wp-json\/wp\/v2\/posts"}],"about":[{"href":"https:\/\/www.tanvitil.com\/en\/wp-json\/wp\/v2\/types\/post"}],"author":[{"embeddable":true,"href":"https:\/\/www.tanvitil.com\/en\/wp-json\/wp\/v2\/users\/1"}],"replies":[{"embeddable":true,"href":"https:\/\/www.tanvitil.com\/en\/wp-json\/wp\/v2\/comments?post=2657"}],"version-history":[{"count":1,"href":"https:\/\/www.tanvitil.com\/en\/wp-json\/wp\/v2\/posts\/2657\/revisions"}],"predecessor-version":[{"id":2658,"href":"https:\/\/www.tanvitil.com\/en\/wp-json\/wp\/v2\/posts\/2657\/revisions\/2658"}],"wp:featuredmedia":[{"embeddable":true,"href":"https:\/\/www.tanvitil.com\/en\/wp-json\/wp\/v2\/media\/2659"}],"wp:attachment":[{"href":"https:\/\/www.tanvitil.com\/en\/wp-json\/wp\/v2\/media?parent=2657"}],"wp:term":[{"taxonomy":"category","embeddable":true,"href":"https:\/\/www.tanvitil.com\/en\/wp-json\/wp\/v2\/categories?post=2657"},{"taxonomy":"post_tag","embeddable":true,"href":"https:\/\/www.tanvitil.com\/en\/wp-json\/wp\/v2\/tags?post=2657"}],"curies":[{"name":"wp","href":"https:\/\/api.w.org\/{rel}","templated":true}]}}