{"id":320,"date":"2018-01-21T13:05:09","date_gmt":"2018-01-21T11:05:09","guid":{"rendered":"http:\/\/www.tanvitil.com\/?p=320"},"modified":"2018-04-18T15:20:26","modified_gmt":"2018-04-18T13:20:26","slug":"como-elijo-el-tonalizador-mas-adecuado-a-mi-tipo-de-piel","status":"publish","type":"post","link":"https:\/\/www.tanvitil.com\/en\/blog\/como-elijo-el-tonalizador-mas-adecuado-a-mi-tipo-de-piel\/","title":{"rendered":"How to choose the most suitable toner for your skin type?"},"content":{"rendered":"<p>Every week we receive numerous inquiries about the criteria to apply when choosing the right tone (light, medium or dark) to cover the white patches caused by vitiligo. Here are a few guidelines.<br \/>\n<!--more--><\/p>\n<p>Our range of Tanvitil toners, available in gel and spray, allows you to cover the patches which vitiligo produces on the skin. For optimum results, you should choose the tone best suited to your skin type: light for fair skin (phototypes I and II), medium for skins between the extremes (phototypes III and IV) and dark for dark brown skins (phototypes V and VI).<\/p>\n<table class=\"table table-striped\" border=\"0\" width=\"1242\" cellspacing=\"0\" cellpadding=\"0\">\n<tbody>\n<tr>\n<th scope=\"col\">Skin type<\/th>\n<th style=\"text-align: left;\" scope=\"col\">Characteristics<\/th>\n<\/tr>\n<tr>\n<th scope=\"row\">Phototype I<\/th>\n<td>Very pale skin (red hair) which always burns, never tans<\/td>\n<\/tr>\n<tr>\n<th scope=\"row\">Phototype II<\/th>\n<td>Sensitive fair skin (blond or fair hair) which almost never tans<\/td>\n<\/tr>\n<tr>\n<th scope=\"row\">Phototype III<\/th>\n<td>Intermediate skins (brown) which initially redden and then tan<\/td>\n<\/tr>\n<tr>\n<th scope=\"row\">Phototype IV<\/th>\n<td>Dark skins which tan quickly (brown or black hair)<\/td>\n<\/tr>\n<tr>\n<th scope=\"row\">Phototype V<\/th>\n<td>Moderately pigmented skins (Mexicans, Asians and others)<\/td>\n<\/tr>\n<tr>\n<th scope=\"row\">Phototype VI<\/th>\n<td>Very dark skins (Sub-Saharan Africans, Indigenous Australians, \u2018black\u2019 skin)<\/td>\n<\/tr>\n<\/tbody>\n<\/table>\n<p>The toner masks and shades the white patches caused by vitiligo with a skin tone similar to the rest of the skin. In order to achieve this, it is very important that you apply the product properly once you have chosen the most suitable tone.<\/p>\n<p>Both with the gel and the spray, you should use petroleum jelly to outline the border of the patch which you wish to mask in order to prevent the product from coming into contact with areas that you do not want to colour. Then apply the gel with the brush or the spray with the applicator, and leave to dry.<\/p>\n<p>Tanvitil treatments are very easy to use and show visible results from the very first application. The colour appears 3 to 4 hours after application. Treatment should be repeated every day, but no more than once a day, until the desired tone is achieved, after which the product can be applied less frequently in order to maintain the colour.<\/p>\n<p>The colour lasts about 72 hours, but if you keep your skin moisturised every day, it will last longer.<\/p>\n<p>When you notice that it is starting to fade, use TANVITIL LIGHT to restore the desired tone.<\/p>\n<p>&nbsp;<\/p>\n<p><img loading=\"lazy\" decoding=\"async\" class=\"alignnone size-full wp-image-324\" src=\"http:\/\/www.tanvitil.com\/wp-content\/uploads\/2016\/07\/maquillaje-vitligo.jpg\" alt=\"Maquillaje enmascarador del vit\u00edligo\" width=\"900\" height=\"370\" srcset=\"https:\/\/www.tanvitil.com\/wp-content\/uploads\/2016\/07\/maquillaje-vitligo.jpg 900w, https:\/\/www.tanvitil.com\/wp-content\/uploads\/2016\/07\/maquillaje-vitligo-620x255.jpg 620w, https:\/\/www.tanvitil.com\/wp-content\/uploads\/2016\/07\/maquillaje-vitligo-200x82.jpg 200w, https:\/\/www.tanvitil.com\/wp-content\/uploads\/2016\/07\/maquillaje-vitligo-500x206.jpg 500w, https:\/\/www.tanvitil.com\/wp-content\/uploads\/2016\/07\/maquillaje-vitligo-768x316.jpg 768w, https:\/\/www.tanvitil.com\/wp-content\/uploads\/2016\/07\/maquillaje-vitligo-610x251.jpg 610w\" sizes=\"auto, (max-width: 900px) 100vw, 900px\" \/><\/p>\n","protected":false},"excerpt":{"rendered":"<p>Every week we receive numerous inquiries about the criteria to apply when choosing the right tone (light, medium or dark) to cover the white patches caused by vitiligo. Here are a few guidelines.<\/p>\n","protected":false},"author":1,"featured_media":321,"comment_status":"closed","ping_status":"closed","sticky":false,"template":"","format":"standard","meta":{"_et_pb_use_builder":"off","_et_pb_old_content":"Cada semana nos llegan muchas consultas sobre los criterios a tener en cuenta a la hora de elegir el tono (suave, medio o forte) del tonalizador para cubrir las manchas blancas provocadas por el vit\u00edligo. Os damos algunas pautas.\r\n\r\n<!--more-->\r\n\r\nNuestra gama de <a title=\"Tonalizadores y productos para el tratamiento del vit\u00edligo\" href=\"shop\/es\/12-tonalizadores-vitiligo\" target=\"_blank\" rel=\"noopener\">tonalizadores Tanvitil<\/a>, disponibles en gel y en spray, te permiten cubrir las manchas producidas por el vit\u00edligo en tu piel. Para obtener unos buenos resultados tienes que elegir el tono m\u00e1s adecuado en funci\u00f3n de tu fototipo de piel: suave para pieles claras (fototipos I y II); medio para intermedias (fototipos III y IV) y forte para pieles oscuras (Fototipos V y VI).\r\n<table class=\"table table-striped\" border=\"0\" width=\"1242\" cellspacing=\"0\" cellpadding=\"0\">\r\n<tbody>\r\n<tr>\r\n<th scope=\"col\">Fototipo<\/th>\r\n<th style=\"text-align: left;\" scope=\"col\">Caracter\u00edsticas<\/th>\r\n<\/tr>\r\n<tr>\r\n<th scope=\"row\">I<\/th>\r\n<td>Piel muy p\u00e1lida (cabellos pelirrojos) que siempre se quema, nunca se broncea<\/td>\r\n<\/tr>\r\n<tr>\r\n<th scope=\"row\">II<\/th>\r\n<td>Piel blanca y sensible (cabellos rubios o claros) que casi nunca se broncea<\/td>\r\n<\/tr>\r\n<tr>\r\n<th scope=\"row\">III<\/th>\r\n<td>Pieles intermedias (casta\u00f1os), que enrojecen primero y luego se broncean<\/td>\r\n<\/tr>\r\n<tr>\r\n<th scope=\"row\">IV<\/th>\r\n<td>Pieles oscuras que se broncean con rapidez (cabellos morenos o negros)<\/td>\r\n<\/tr>\r\n<tr>\r\n<th scope=\"row\">V<\/th>\r\n<td>Pieles moderadamente pigmentadas (mexicanos, asi\u00e1ticos y otros)<\/td>\r\n<\/tr>\r\n<tr>\r\n<th scope=\"row\">VI<\/th>\r\n<td>Pieles muy oscuras (africanos, abor\u00edgenes\u2026 piel \u201cnegra\u201d)<\/td>\r\n<\/tr>\r\n<\/tbody>\r\n<\/table>\r\nEl tonalizador te permitir\u00e1 enmascarar y tonalizar las manchas blancas provocadas por el vit\u00edligo con un tono similar a la piel. Para lograrlo es muy importante que, una vez elegido el tono que mejor se adec\u00fae a tus caracter\u00edsticas, apliques el producto de forma adecuada.\r\n\r\nTanto en el caso del gel como en el del spray, hay que perfilar con vaselina la periferia de la mancha que queremos enmascarar para evitar que el producto entre en contacto con zonas que no deseamos colorear. Despu\u00e9s aplicamos el gel con su pincel o el spray con su aplicador y dejamos secar.\r\n\r\nLos tratamientos Tanvitil son muy f\u00e1ciles de utilizar (<a title=\"C\u00f3mo aplicar tratamiento del vitiligo\" href=\"https:\/\/www.youtube.com\/embed\/1D1LoL9JNKs?wmode=transparent\" target=\"_blank\" rel=\"noopener\">ver v\u00eddeo<\/a>) y ofrecen resultados visibles desde la primera aplicaci\u00f3n. El color aparecer\u00e1 3 \u00f3 4 horas despu\u00e9s de la aplicaci\u00f3n, la cual repetiremos d\u00eda tras d\u00eda pero no m\u00e1s de una vez al d\u00eda, hasta alcanzar el tono deseado. Una vez alcanzado el tono, la aplicaci\u00f3n podr\u00e1 distanciarse m\u00e1s d\u00edas, como mantenimiento.\r\n\r\nEl color permanecer\u00e1 durante unas 72 horas pero s\u00ed mantenemos la piel hidratada todos los d\u00edas el color permanecer\u00e1 m\u00e1s tiempo.\r\n\r\nCuando observemos que el tono baja podemos utilizar TANVITIL SUAVE para volver a recuperar el tono deseado.\r\n\r\n<img class=\"alignnone size-full wp-image-324\" src=\"http:\/\/www.tanvitil.com\/wp-content\/uploads\/2016\/07\/maquillaje-vitligo.jpg\" alt=\"Maquillaje enmascarador del vit\u00edligo\" width=\"900\" height=\"370\" \/>","_et_gb_content_width":"","footnotes":""},"categories":[1],"tags":[23],"class_list":["post-320","post","type-post","status-publish","format-standard","has-post-thumbnail","hentry","category-blog","tag-maquillaje-para-el-vitiligo"],"_links":{"self":[{"href":"https:\/\/www.tanvitil.com\/en\/wp-json\/wp\/v2\/posts\/320","targetHints":{"allow":["GET"]}}],"collection":[{"href":"https:\/\/www.tanvitil.com\/en\/wp-json\/wp\/v2\/posts"}],"about":[{"href":"https:\/\/www.tanvitil.com\/en\/wp-json\/wp\/v2\/types\/post"}],"author":[{"embeddable":true,"href":"https:\/\/www.tanvitil.com\/en\/wp-json\/wp\/v2\/users\/1"}],"replies":[{"embeddable":true,"href":"https:\/\/www.tanvitil.com\/en\/wp-json\/wp\/v2\/comments?post=320"}],"version-history":[{"count":0,"href":"https:\/\/www.tanvitil.com\/en\/wp-json\/wp\/v2\/posts\/320\/revisions"}],"wp:featuredmedia":[{"embeddable":true,"href":"https:\/\/www.tanvitil.com\/en\/wp-json\/wp\/v2\/media\/321"}],"wp:attachment":[{"href":"https:\/\/www.tanvitil.com\/en\/wp-json\/wp\/v2\/media?parent=320"}],"wp:term":[{"taxonomy":"category","embeddable":true,"href":"https:\/\/www.tanvitil.com\/en\/wp-json\/wp\/v2\/categories?post=320"},{"taxonomy":"post_tag","embeddable":true,"href":"https:\/\/www.tanvitil.com\/en\/wp-json\/wp\/v2\/tags?post=320"}],"curies":[{"name":"wp","href":"https:\/\/api.w.org\/{rel}","templated":true}]}}