{"id":2262,"date":"2019-07-04T14:42:02","date_gmt":"2019-07-04T12:42:02","guid":{"rendered":"https:\/\/www.tanvitil.com\/?p=2262"},"modified":"2019-08-28T09:58:37","modified_gmt":"2019-08-28T07:58:37","slug":"consejos-para-la-correcta-aplicacion-de-la-proteccion-solar","status":"publish","type":"post","link":"https:\/\/www.tanvitil.com\/fr\/blog\/consejos-para-la-correcta-aplicacion-de-la-proteccion-solar\/","title":{"rendered":"C\u00f3mo aplicar de forma correcta la protecci\u00f3n solar"},"content":{"rendered":"<p>La protecci\u00f3n solar es esencial en los meses de verano y especialmente para las personas con vit\u00edligo. Las zonas despigmentadas son mucho m\u00e1s vulnerables frente al sol por lo que habr\u00e1 que extremar las precauciones.<br \/>\n<!--more--><\/p>\n<p>El sol aporta importante beneficios para nuestra salud. Eso s\u00ed, siempre que lo tomemos con precacu\u00f3n, realizando exposiciones progresivas y usando la adecuada protecci\u00f3n solar.<\/p>\n<p>Te damos unos consejos para que te asegures de que aplicas de forma correcta la protecci\u00f3n solar:<\/p>\n<ul>\n<li>Aplica la crema de protecci\u00f3n media hora antes de la exposici\u00f3n, extendi\u00e9ndola de forma abundante hasta su total absorci\u00f3n.<\/li>\n<li>Si quieres disfrutar los beneficios del sol en la estimulaci\u00f3n de la repigmentaci\u00f3n de las manchas blancas, aplica un protector total en las zonas sin manchas y uno un poco menor en las partes despigmentadas. Eso s\u00ed, controla los tiempos de exposici\u00f3n y evita las horas centrales del d\u00eda.<\/li>\n<li>Rep\u00f3n la crema de protecci\u00f3n solar cada dos horas o despu\u00e9s del ba\u00f1o<\/li>\n<li>No uses cremas del a\u00f1o pasado o que no se hayan mantenido en las condiciones adecuadas de conservaci\u00f3n (lugar seco, a temperatura estable y sin exposici\u00f3n al sol o al calor).<\/li>\n<li>Escoge el Factor de Protecci\u00f3n Solar adecuado para el fototipo de tu piel. Puedes ampliar la informaci\u00f3n sobre los fototipos de piel <a href=\"https:\/\/www.tanvitil.com\/ayuda\/como-elegir-el-tono-adecuado\/\" target=\"_blank\" rel=\"noopener noreferrer\">aqu\u00ed.<\/a><\/li>\n<li>Cubre las zonas m\u00e1s sensibles con gorras y prendas de vestir, preferiblemente claras y con tejidos naturales.<\/li>\n<li>Usa gafas de sol homologadas, con marcado CE e instrucciones.<\/li>\n<li>Aseg\u00farate que la crema de protecci\u00f3n solar es efectiva frente a los rayos UVA y UVB.<\/li>\n<li>Presta especial atenci\u00f3n a los m\u00e1s peque\u00f1os. Los menores de 3 a\u00f1os no deber\u00edan exponerse al sol de forna directa.<\/li>\n<\/ul>\n","protected":false},"excerpt":{"rendered":"<p>La protecci\u00f3n solar es esencial en los meses de verano y especialmente para las personas con vit\u00edligo. Las zonas despigmentadas son mucho m\u00e1s vulnerables frente al sol por lo que habr\u00e1 que extremar las precauciones.<\/p>\n","protected":false},"author":1,"featured_media":2263,"comment_status":"closed","ping_status":"closed","sticky":false,"template":"","format":"standard","meta":{"_et_pb_use_builder":"","_et_pb_old_content":"","_et_gb_content_width":"","footnotes":""},"categories":[1],"tags":[],"class_list":["post-2262","post","type-post","status-publish","format-standard","has-post-thumbnail","hentry","category-blog"],"_links":{"self":[{"href":"https:\/\/www.tanvitil.com\/fr\/wp-json\/wp\/v2\/posts\/2262","targetHints":{"allow":["GET"]}}],"collection":[{"href":"https:\/\/www.tanvitil.com\/fr\/wp-json\/wp\/v2\/posts"}],"about":[{"href":"https:\/\/www.tanvitil.com\/fr\/wp-json\/wp\/v2\/types\/post"}],"author":[{"embeddable":true,"href":"https:\/\/www.tanvitil.com\/fr\/wp-json\/wp\/v2\/users\/1"}],"replies":[{"embeddable":true,"href":"https:\/\/www.tanvitil.com\/fr\/wp-json\/wp\/v2\/comments?post=2262"}],"version-history":[{"count":3,"href":"https:\/\/www.tanvitil.com\/fr\/wp-json\/wp\/v2\/posts\/2262\/revisions"}],"predecessor-version":[{"id":2280,"href":"https:\/\/www.tanvitil.com\/fr\/wp-json\/wp\/v2\/posts\/2262\/revisions\/2280"}],"wp:featuredmedia":[{"embeddable":true,"href":"https:\/\/www.tanvitil.com\/fr\/wp-json\/wp\/v2\/media\/2263"}],"wp:attachment":[{"href":"https:\/\/www.tanvitil.com\/fr\/wp-json\/wp\/v2\/media?parent=2262"}],"wp:term":[{"taxonomy":"category","embeddable":true,"href":"https:\/\/www.tanvitil.com\/fr\/wp-json\/wp\/v2\/categories?post=2262"},{"taxonomy":"post_tag","embeddable":true,"href":"https:\/\/www.tanvitil.com\/fr\/wp-json\/wp\/v2\/tags?post=2262"}],"curies":[{"name":"wp","href":"https:\/\/api.w.org\/{rel}","templated":true}]}}