{"id":2315,"date":"2019-08-05T08:29:39","date_gmt":"2019-08-05T06:29:39","guid":{"rendered":"https:\/\/www.tanvitil.com\/?p=2315"},"modified":"2019-08-28T10:00:28","modified_gmt":"2019-08-28T08:00:28","slug":"vacaciones-no-te-olvides-del-maquillaje-para-el-vitiligo","status":"publish","type":"post","link":"https:\/\/www.tanvitil.com\/fr\/blog\/vacaciones-no-te-olvides-del-maquillaje-para-el-vitiligo\/","title":{"rendered":"\u00bfVacaciones? No te olvides del maquillaje para el vit\u00edligo"},"content":{"rendered":"<p>Si estas preparando la maleta para estas vacaciones no te olvides de llevar contigo tu maquillaje para el vit\u00edligo. En gel o en spray, te ayudar\u00e1 a disimular las manchas blancas, a\u00fan m\u00e1s visibles en verano.<br \/>\n<!--more--><\/p>\n<p>En vacaciones siempre aprovechamos para broncearnos y lucir esas prendas m\u00e1s veraniegas de nuestro armario que dejan a la vista buena parte de nuestra piel. El bronceado hace que las manchas blancas sean m\u00e1s visibles por lo que el maquillaje para el vit\u00edligo ser\u00e1 un gran aliado este verano.<\/p>\n<p>En Abedul Productos Farmac\u00e9uticos ponemos a tu alcance dos modalidades de maquillaje para el vit\u00edligo. Ambas est\u00e1n desarrolladas de forma espec\u00edfica para personas con vit\u00edligo y act\u00faan produciendo una reacci\u00f3n qu\u00edmica sobre la capa externa de la piel modificado su tono.<\/p>\n<p><strong><a href=\"https:\/\/www.tanvitil.com\/maquillaje-vitiligo\/tanvitil-gel\/\" target=\"_blank\" rel=\"noopener noreferrer\">Tanvitil gel<\/a><\/strong><br \/>\nGel corrector que disimula las manchas m\u00e1s peque\u00f1as y localizadas. Viene con un pincel para facilitar su aplicaci\u00f3n. Se recomienda proteger el per\u00edmetro de las manchas con vaselina para evitar el aumento de la coloraci\u00f3n en las zonas que s\u00ed est\u00e1n suficientemente pigmentadas.<\/p>\n<p><strong><a href=\"https:\/\/www.tanvitil.com\/maquillaje-vitiligo\/tanvitil-spray\/\" target=\"_blank\" rel=\"noopener noreferrer\">Tanvitil spray<\/a><\/strong><br \/>\nSpray corrector espec\u00edficamente desarrollado para disimular las manchas blancas producidas por el vit\u00edligo u otras enfermedades y\/o alteraciones de la piel.<br \/>\nEst\u00e1 recomendado para las manchas m\u00e1s extensas y se aplica pulverizando a una distancia de entre 8 y 10 cent\u00edmetros.<\/p>\n<p>Nuestro maquillaje para el vit\u00edligo en gel y en spray est\u00e1 disponible en tres tonalidades:<\/p>\n<ul>\n<li>Suave para pieles con fototipos claros.<\/li>\n<li>Medio para tonos m\u00e1s intermedios<\/li>\n<li>Forte para los fototipos de piel oscuros.<\/li>\n<\/ul>\n<p>Adem\u00e1s, puedes aplicarlo sin problemas aunque vayas a ba\u00f1arte, siempre que lo hagas al menos tres horas antes de entrar en contacto con el agua.<\/p>\n<p>Recuerda que nuestras soluciones de maquillaje para el vit\u00edligo no contienen ning\u00fan filtro de protecci\u00f3n solar. Por ello, deber\u00e1s aplicar el protector solar adecuado para el fototipo y caracter\u00edsticas de tu piel y reponerlo cada dos horas o despu\u00e9s de cada ba\u00f1o.<\/p>\n<p>Si tienes dudas sobre la forma de aplicar el producto, los tonos disponibles o cuanto tiempo se mantiene el color puedes ampliar la informaci\u00f3n en <a href=\"https:\/\/www.tanvitil.com\/blog\/preguntas-frecuentes-sobre-el-maquillaje-para-camuflar-el-vitiligo\/\" target=\"_blank\" rel=\"noopener noreferrer\">este art\u00edculo<\/a>.<\/p>\n","protected":false},"excerpt":{"rendered":"<p>Si estas preparando la maleta para estas vacaciones no te olvides de llevar contigo tu maquillaje para el vit\u00edligo. En gel o en spray, te ayudar\u00e1 a disimular las manchas blancas, a\u00fan m\u00e1s visibles en verano.<\/p>\n","protected":false},"author":1,"featured_media":2316,"comment_status":"closed","ping_status":"closed","sticky":false,"template":"","format":"standard","meta":{"_et_pb_use_builder":"","_et_pb_old_content":"","_et_gb_content_width":"","footnotes":""},"categories":[1],"tags":[],"class_list":["post-2315","post","type-post","status-publish","format-standard","has-post-thumbnail","hentry","category-blog"],"_links":{"self":[{"href":"https:\/\/www.tanvitil.com\/fr\/wp-json\/wp\/v2\/posts\/2315","targetHints":{"allow":["GET"]}}],"collection":[{"href":"https:\/\/www.tanvitil.com\/fr\/wp-json\/wp\/v2\/posts"}],"about":[{"href":"https:\/\/www.tanvitil.com\/fr\/wp-json\/wp\/v2\/types\/post"}],"author":[{"embeddable":true,"href":"https:\/\/www.tanvitil.com\/fr\/wp-json\/wp\/v2\/users\/1"}],"replies":[{"embeddable":true,"href":"https:\/\/www.tanvitil.com\/fr\/wp-json\/wp\/v2\/comments?post=2315"}],"version-history":[{"count":1,"href":"https:\/\/www.tanvitil.com\/fr\/wp-json\/wp\/v2\/posts\/2315\/revisions"}],"predecessor-version":[{"id":2317,"href":"https:\/\/www.tanvitil.com\/fr\/wp-json\/wp\/v2\/posts\/2315\/revisions\/2317"}],"wp:featuredmedia":[{"embeddable":true,"href":"https:\/\/www.tanvitil.com\/fr\/wp-json\/wp\/v2\/media\/2316"}],"wp:attachment":[{"href":"https:\/\/www.tanvitil.com\/fr\/wp-json\/wp\/v2\/media?parent=2315"}],"wp:term":[{"taxonomy":"category","embeddable":true,"href":"https:\/\/www.tanvitil.com\/fr\/wp-json\/wp\/v2\/categories?post=2315"},{"taxonomy":"post_tag","embeddable":true,"href":"https:\/\/www.tanvitil.com\/fr\/wp-json\/wp\/v2\/tags?post=2315"}],"curies":[{"name":"wp","href":"https:\/\/api.w.org\/{rel}","templated":true}]}}