{"id":208,"date":"2017-10-24T16:35:26","date_gmt":"2017-10-24T14:35:26","guid":{"rendered":"http:\/\/www.tanvitil.com\/?p=208"},"modified":"2018-04-20T14:38:18","modified_gmt":"2018-04-20T12:38:18","slug":"impacto-psicologico-animico-tras-diagnostico-del-vitiligo","status":"publish","type":"post","link":"https:\/\/www.tanvitil.com\/pt\/blog\/impacto-psicologico-animico-tras-diagnostico-del-vitiligo\/","title":{"rendered":"Impacto psicol\u00f3gico y an\u00edmico tras el diagn\u00f3stico del vit\u00edligo"},"content":{"rendered":"<p>Las estad\u00edsticas muestran que los pacientes con enfermedades dermatol\u00f3gicas, y de manera especial los afectados por vit\u00edligo, tienen un 20% m\u00e1s de alteraciones psiqui\u00e1tricas que el resto de la poblaci\u00f3n.<\/p>\n<p><!--more--><\/p>\n<p>Las patolog\u00edas que m\u00e1s afectan al estado an\u00edmico de los pacientes son el acn\u00e9, la psoriasis, la dermatitis at\u00f3pica, la alopecia, el vit\u00edligo o los angiomas, sobre todo porque se manifiestan en las zonas m\u00e1s visibles del cuerpo: el rostro y las manos. El <strong>diagn\u00f3stico del vit\u00edligo<\/strong> es un momento dif\u00edcil para estos pacientes.<\/p>\n<p>En el caso del vit\u00edligo, es importante el hecho de que la mayor\u00eda de los diagn\u00f3sticos se realizan antes de los 30 a\u00f1os, una etapa de la vida muy sensible desde el punto de vista emocional.<\/p>\n<p>Tambi\u00e9n hay que tener muy en cuenta que el<strong> tratamiento del vit\u00edligo<\/strong>, al igual que el de la psoriasis y otras enfermedades de la piel, es largo y complejo, y que cada paciente responde de forma diferente a las distintas opciones terap\u00e9uticas.<\/p>\n<p>La constancia y la combinaci\u00f3n de diferentes tratamientos (sensibilizantes, fototerapia, reguladores de la pigmentaci\u00f3n, etc.) es esencial para lograr resultados y muchos pacientes se desaniman al poco de empezar el tratamiento.<\/p>\n<p>La enfermedad puede estar asociada a problemas de autoestima, dificultad en las relaciones sociales y ansiedad por la incertidumbre sobre la evoluci\u00f3n y tratamiento del vit\u00edligo.Y precisamente, esta ansiedad y el estr\u00e9s que genera hacen que la propia enfermedad empeore.<\/p>\n<p>En este sentido, os acercamos el dec\u00e1logo de la Asociaci\u00f3n de Pacientes de Vit\u00edligo (ASPAVIT), en el que se recuerda la importancia de evitar el estr\u00e9s y b\u00fasqueda de apoyo psicol\u00f3gico si se considera necesario.<\/p>\n<h2>Dec\u00e1lago Aspavit<\/h2>\n<ul>\n<li>Asume tu enfermedad.<\/li>\n<li>Si lo necesitas busca apoyo psicol\u00f3gico.<\/li>\n<li>Evita el stress.<\/li>\n<li>Practica alguna actividad f\u00edsica adecuada a tu edad.<\/li>\n<li>Selecciona bien a tu Dermat\u00f3logo.<\/li>\n<li>Sigue tu tratamiento bajo prescripci\u00f3n m\u00e9dica.<\/li>\n<li>Evita los tratamientos milagro.<\/li>\n<li>No interrumpas el tratamiento. Se constante.<\/li>\n<li>Evita la automedicaci\u00f3n.<\/li>\n<li>Sigue una alimentaci\u00f3n sana.<\/li>\n<li>Consume antioxidantes ( tomate, remolacha, zanahoria.. ).<\/li>\n<li>Si optas por la fototerapia, consulta con un dermat\u00f3logo especializado en fototerapia.<\/li>\n<li>Recuerda: No todos los tratamientos surten el mismo efecto en todos los pacientes.<\/li>\n<\/ul>\n","protected":false},"excerpt":{"rendered":"<p>Las estad\u00edsticas muestran que los pacientes con enfermedades dermatol\u00f3gicas, y de manera especial los afectados por vit\u00edligo, tienen un 20% m\u00e1s de alteraciones psiqui\u00e1tricas que el resto de la poblaci\u00f3n.<\/p>\n","protected":false},"author":1,"featured_media":209,"comment_status":"closed","ping_status":"closed","sticky":false,"template":"","format":"standard","meta":{"_et_pb_use_builder":"","_et_pb_old_content":"","_et_gb_content_width":"","footnotes":""},"categories":[1],"tags":[5,6],"class_list":["post-208","post","type-post","status-publish","format-standard","has-post-thumbnail","hentry","category-blog","tag-diagnostico-vitiligo","tag-tratamiento-vitiligo"],"_links":{"self":[{"href":"https:\/\/www.tanvitil.com\/pt\/wp-json\/wp\/v2\/posts\/208","targetHints":{"allow":["GET"]}}],"collection":[{"href":"https:\/\/www.tanvitil.com\/pt\/wp-json\/wp\/v2\/posts"}],"about":[{"href":"https:\/\/www.tanvitil.com\/pt\/wp-json\/wp\/v2\/types\/post"}],"author":[{"embeddable":true,"href":"https:\/\/www.tanvitil.com\/pt\/wp-json\/wp\/v2\/users\/1"}],"replies":[{"embeddable":true,"href":"https:\/\/www.tanvitil.com\/pt\/wp-json\/wp\/v2\/comments?post=208"}],"version-history":[{"count":0,"href":"https:\/\/www.tanvitil.com\/pt\/wp-json\/wp\/v2\/posts\/208\/revisions"}],"wp:featuredmedia":[{"embeddable":true,"href":"https:\/\/www.tanvitil.com\/pt\/wp-json\/wp\/v2\/media\/209"}],"wp:attachment":[{"href":"https:\/\/www.tanvitil.com\/pt\/wp-json\/wp\/v2\/media?parent=208"}],"wp:term":[{"taxonomy":"category","embeddable":true,"href":"https:\/\/www.tanvitil.com\/pt\/wp-json\/wp\/v2\/categories?post=208"},{"taxonomy":"post_tag","embeddable":true,"href":"https:\/\/www.tanvitil.com\/pt\/wp-json\/wp\/v2\/tags?post=208"}],"curies":[{"name":"wp","href":"https:\/\/api.w.org\/{rel}","templated":true}]}}