{"id":2177,"date":"2019-05-15T12:47:36","date_gmt":"2019-05-15T10:47:36","guid":{"rendered":"https:\/\/www.tanvitil.com\/?p=2177"},"modified":"2019-08-28T09:56:56","modified_gmt":"2019-08-28T07:56:56","slug":"el-estres-puede-acelerar-o-desencadenar-el-vitiligo","status":"publish","type":"post","link":"https:\/\/www.tanvitil.com\/pt\/blog\/el-estres-puede-acelerar-o-desencadenar-el-vitiligo\/","title":{"rendered":"El estr\u00e9s puede acelerar o desencadenar el vit\u00edligo"},"content":{"rendered":"<p>Algunos especialistas han advertido de la estrecha relaci\u00f3n entre estr\u00e9s y vit\u00edligo. Asumir la enfermedad, evitar la ansiedad, practicar ejercicio de forma regular y buscar ayuda psicol\u00f3gica son algunas recomendaciones a tener en cuenta.<br \/>\n<!--more--><\/p>\n<p>Seg\u00fan destaca la Organizaci\u00f3n Mundial de la Salud, el 80% de las enfermedades de la piel tienen origen som\u00e1tico. Asimismo, los expertos advierten que el estr\u00e9s emocional puede acelerar o desencadenar vit\u00edligo en personas con predisposici\u00f3n a presentarlo.<\/p>\n<p>El <strong>diagn\u00f3stico del vit\u00edligo<\/strong> provoca que muchos pacientes no puedan salir de una espiral de<strong> estr\u00e9s y ansiedad<\/strong>. Por otra parte, se estima que tres de cada cuatro personas diagnosticadas sufren problemas psicol\u00f3gicos. Tales como problemas de autoestima, dificultad en las relaciones sociales y ansiedad por la incertidumbre sobre la evoluci\u00f3n y tratamiento del vit\u00edligo son algunos de los trastornos m\u00e1s frecuentes.<\/p>\n<p>Se calcula que las personas con vit\u00edligo tienen alrededor de un 20% m\u00e1s de alteraciones psiqui\u00e1tricas que el resto de la poblaci\u00f3n.<\/p>\n<p>Desde la Asociaci\u00f3n de Pacientes de Vit\u00edligo (Aspavit) insisten en algunos puntos a tener en cuenta si tienes vit\u00edligo:<\/p>\n<ul>\n<li>Asume tu enfermedad. Si lo necesitas busca apoyo psicol\u00f3gico.<\/li>\n<li>Evita el stress. Practica alguna actividad f\u00edsica adecuada a tu edad.<\/li>\n<li>Selecciona bien a tu dermat\u00f3logo y sigue el tratamiento pautado<\/li>\n<li>Evita los tratamientos milagro.<\/li>\n<li>Sigue una alimentaci\u00f3n sana.<\/li>\n<li>Consume antioxidantes ( tomate, remolacha, zanahoria.. ).<\/li>\n<li>Recuerda que no todos los tratamientos surten el mismo efecto en todos los pacientes<\/li>\n<\/ul>\n<h4>Maquillaje para el vit\u00edligo, una ayuda en algunos casos<\/h4>\n<p>Algunas personas ven reforzada su autoestima con el uso de maquillaje para disimular sus manchas de vit\u00edligo.<\/p>\n<p>En Abedul Productos Farmac\u00e9uticos contamos con diferentes soluciones de maquillaje para el vit\u00edligo, en gel y en spray. A diferencia del maquillaje convencional, <a href=\"https:\/\/www.tanvitil.com\/maquillaje-vitiligo\/tanvitil-gel\/\" target=\"_blank\" rel=\"noopener noreferrer\">Tanvitil gel<\/a> y <a href=\"https:\/\/www.tanvitil.com\/maquillaje-vitiligo\/tanvitil-spray\/\" target=\"_blank\" rel=\"noopener noreferrer\">Tanvitil Spray<\/a> act\u00faan como tonalizadores, adapt\u00e1ndose a la piel de cada paciente. Est\u00e1n disponibles en tres tonos: suaves para fototipos claros, media para intermedios y forte para pieles m\u00e1s oscuras.<\/p>\n","protected":false},"excerpt":{"rendered":"<p>Algunos especialistas han advertido de la estrecha relaci\u00f3n entre estr\u00e9s y vit\u00edligo. Asumir la enfermedad, evitar la ansiedad, practicar ejercicio de forma regular y buscar ayuda psicol\u00f3gica son algunas recomendaciones a tener en cuenta.<\/p>\n","protected":false},"author":1,"featured_media":2178,"comment_status":"closed","ping_status":"closed","sticky":false,"template":"","format":"standard","meta":{"_et_pb_use_builder":"","_et_pb_old_content":"","_et_gb_content_width":"","footnotes":""},"categories":[1],"tags":[],"class_list":["post-2177","post","type-post","status-publish","format-standard","has-post-thumbnail","hentry","category-blog"],"_links":{"self":[{"href":"https:\/\/www.tanvitil.com\/pt\/wp-json\/wp\/v2\/posts\/2177","targetHints":{"allow":["GET"]}}],"collection":[{"href":"https:\/\/www.tanvitil.com\/pt\/wp-json\/wp\/v2\/posts"}],"about":[{"href":"https:\/\/www.tanvitil.com\/pt\/wp-json\/wp\/v2\/types\/post"}],"author":[{"embeddable":true,"href":"https:\/\/www.tanvitil.com\/pt\/wp-json\/wp\/v2\/users\/1"}],"replies":[{"embeddable":true,"href":"https:\/\/www.tanvitil.com\/pt\/wp-json\/wp\/v2\/comments?post=2177"}],"version-history":[{"count":2,"href":"https:\/\/www.tanvitil.com\/pt\/wp-json\/wp\/v2\/posts\/2177\/revisions"}],"predecessor-version":[{"id":2227,"href":"https:\/\/www.tanvitil.com\/pt\/wp-json\/wp\/v2\/posts\/2177\/revisions\/2227"}],"wp:featuredmedia":[{"embeddable":true,"href":"https:\/\/www.tanvitil.com\/pt\/wp-json\/wp\/v2\/media\/2178"}],"wp:attachment":[{"href":"https:\/\/www.tanvitil.com\/pt\/wp-json\/wp\/v2\/media?parent=2177"}],"wp:term":[{"taxonomy":"category","embeddable":true,"href":"https:\/\/www.tanvitil.com\/pt\/wp-json\/wp\/v2\/categories?post=2177"},{"taxonomy":"post_tag","embeddable":true,"href":"https:\/\/www.tanvitil.com\/pt\/wp-json\/wp\/v2\/tags?post=2177"}],"curies":[{"name":"wp","href":"https:\/\/api.w.org\/{rel}","templated":true}]}}