{"id":2480,"date":"2019-09-25T09:04:31","date_gmt":"2019-09-25T07:04:31","guid":{"rendered":"https:\/\/www.tanvitil.com\/?p=2480"},"modified":"2019-09-25T09:04:31","modified_gmt":"2019-09-25T07:04:31","slug":"despigmentacion-cutanea-tratamientos-dermocosmeticos-de-las-manchas-blancas","status":"publish","type":"post","link":"https:\/\/www.tanvitil.com\/pt\/blog\/despigmentacion-cutanea-tratamientos-dermocosmeticos-de-las-manchas-blancas\/","title":{"rendered":"Despigmentaci\u00f3n cut\u00e1nea: tratamientos dermocosm\u00e9ticos de las manchas blancas"},"content":{"rendered":"<p>El tratamiento de la despigmentaci\u00f3n cut\u00e1nea estar\u00e1 dirigido a frenar su avance y a repigmentar las zonas afectadas por las manchas blancas.<br \/>\n<!--more--><\/p>\n<p>En algunos casos se puede producir una repigmentaci\u00f3n espont\u00e1nea, aunque estos casos suelen ser excepcionales. En la actualidad existen diferentes tratamientos dermocosm\u00e9ticos dirigidos a tratar la despigmentaci\u00f3n y lograr devolver el color a las manchas blancas de la piel, asociadas tanto al vit\u00edligo como a otras enfermedades.<\/p>\n<p>La pigmentaci\u00f3n (el color natural de la piel) depende de los melanocitos que son los responsables de la producci\u00f3n de melanina. En una piel despigmentada la piel est\u00e1 decolorada. La melanina ha sido destruida o su producci\u00f3n y reparto por nuestra epidermis no se ha realizado de la forma adecuada.<\/p>\n<h2>Opciones terap\u00e9uticas<\/h2>\n<p>Fotosensibilizantes, tanto en gel como en c\u00e1psulas, y reguladores de la pigmentaci\u00f3n son dos de las opciones m\u00e1s habituales para tratar la despigmentaci\u00f3n cut\u00e1nea. Su uso en combinaci\u00f3n con fototerapia multiplica los resultados estimulando la producci\u00f3n de melanina y la repigmentaci\u00f3n de las manchas blancas.<\/p>\n<p>A la hora de aplicar la fototerapia es muy importante aplicar el factor de protecci\u00f3n solar adecuado en las zonas no afectadas por las manchas, de forma que el tono se vaya igualando.<\/p>\n<p>En Abedul Productos Farmac\u00e9uticos contamos con una l\u00ednea de productos espec\u00edficos para el tratamiento del a despigmentaci\u00f3n cut\u00e1nea:<\/p>\n<ul>\n<li><strong>Fotosensibilizante<\/strong>s orales y t\u00f3picos que aportan a la piel despigmentada el amino\u00e1cido esencial L-Fenilalanina. <a href=\"https:\/\/www.tratamientodelvitiligo.es\/product\/fenadul-gel\/?v=04c19fa1e772\" target=\"_blank\" rel=\"noopener noreferrer\">Fenadul gel<\/a> y<a href=\"https:\/\/www.tratamientodelvitiligo.es\/product\/fenadul-capsulas\/?v=04c19fa1e772\" target=\"_blank\" rel=\"noopener noreferrer\"> Fenadul c\u00e1psulas<\/a> contribuyen a acelerar el bronceado.<\/li>\n<li><strong>Antioxidantes<\/strong>. <a href=\"https:\/\/www.tratamientodelvitiligo.es\/product\/meladul\/?v=04c19fa1e772\" target=\"_blank\" rel=\"noopener noreferrer\">Meladul gel,<\/a> con Superoxido Dismutasa SOD, una enzima presente en nuestro organismo que es el m\u00e1s potente de los antioxidantes naturales. Ayuda a combatir a los radicales libres frenando as\u00ed la expansi\u00f3n de las manchas.<\/li>\n<li><a href=\"https:\/\/www.tratamientodelvitiligo.es\/product\/lampara-de-fototerapia-uv\/?v=04c19fa1e772\" target=\"_blank\" rel=\"noopener noreferrer\">L\u00e1mpara UVB-nb de fototerapia dom\u00e9stica<\/a>. El uso combinado de fototerapia y reguladores de la pigmentaci\u00f3n y fotosensibilizantes multiplica los resultados. Eficaz tanto en el tratamiento del vit\u00edligo como de la psoriasis y otras enfermedades de la piel.<\/li>\n<\/ul>\n","protected":false},"excerpt":{"rendered":"<p>El tratamiento de la despigmentaci\u00f3n cut\u00e1nea estar\u00e1 dirigido a frenar su avance y a repigmentar las zonas afectadas por las manchas blancas.<\/p>\n","protected":false},"author":1,"featured_media":2482,"comment_status":"closed","ping_status":"closed","sticky":false,"template":"","format":"standard","meta":{"_et_pb_use_builder":"","_et_pb_old_content":"","_et_gb_content_width":"","footnotes":""},"categories":[1],"tags":[],"class_list":["post-2480","post","type-post","status-publish","format-standard","has-post-thumbnail","hentry","category-blog"],"_links":{"self":[{"href":"https:\/\/www.tanvitil.com\/pt\/wp-json\/wp\/v2\/posts\/2480","targetHints":{"allow":["GET"]}}],"collection":[{"href":"https:\/\/www.tanvitil.com\/pt\/wp-json\/wp\/v2\/posts"}],"about":[{"href":"https:\/\/www.tanvitil.com\/pt\/wp-json\/wp\/v2\/types\/post"}],"author":[{"embeddable":true,"href":"https:\/\/www.tanvitil.com\/pt\/wp-json\/wp\/v2\/users\/1"}],"replies":[{"embeddable":true,"href":"https:\/\/www.tanvitil.com\/pt\/wp-json\/wp\/v2\/comments?post=2480"}],"version-history":[{"count":1,"href":"https:\/\/www.tanvitil.com\/pt\/wp-json\/wp\/v2\/posts\/2480\/revisions"}],"predecessor-version":[{"id":2481,"href":"https:\/\/www.tanvitil.com\/pt\/wp-json\/wp\/v2\/posts\/2480\/revisions\/2481"}],"wp:featuredmedia":[{"embeddable":true,"href":"https:\/\/www.tanvitil.com\/pt\/wp-json\/wp\/v2\/media\/2482"}],"wp:attachment":[{"href":"https:\/\/www.tanvitil.com\/pt\/wp-json\/wp\/v2\/media?parent=2480"}],"wp:term":[{"taxonomy":"category","embeddable":true,"href":"https:\/\/www.tanvitil.com\/pt\/wp-json\/wp\/v2\/categories?post=2480"},{"taxonomy":"post_tag","embeddable":true,"href":"https:\/\/www.tanvitil.com\/pt\/wp-json\/wp\/v2\/tags?post=2480"}],"curies":[{"name":"wp","href":"https:\/\/api.w.org\/{rel}","templated":true}]}}