{"id":2506,"date":"2019-10-07T15:18:32","date_gmt":"2019-10-07T13:18:32","guid":{"rendered":"https:\/\/www.tanvitil.com\/de\/?p=2506"},"modified":"2019-10-07T15:28:08","modified_gmt":"2019-10-07T13:28:08","slug":"relacion-entre-la-salud-mental-y-las-enfermedades-de-la-piel","status":"publish","type":"post","link":"https:\/\/www.tanvitil.com\/pt\/blog\/relacion-entre-la-salud-mental-y-las-enfermedades-de-la-piel\/","title":{"rendered":"Relaci\u00f3n entre la salud mental y las enfermedades de la piel"},"content":{"rendered":"<p>Existe una estrecha relaci\u00f3n entre las enfermedades de la piel y la salud mental. Se estima que uno de cada 3 pacientes que acuden al dermat\u00f3logo por primera vez tienen s\u00edntomas de ansiedad y\/o depresi\u00f3n.<br \/>\n<!--more--><br \/>\nEl 10 de octubre se celebra el <strong>D\u00eda Mundial de la Salud Mental<\/strong> y por ese motivo hemos querido abordar la relaci\u00f3n entre la salud mental y las enfermedades de la piel.<\/p>\n<p>La vinculaci\u00f3n entre la piel y las emociones es clara y funciona en una doble direcci\u00f3n. Por un lado, enfermedades de la piel como la<strong> psoriasis, el vit\u00edligo o la dermatitis<\/strong> producen en algunos casos cuadros de<strong> depresi\u00f3n y ansiedad.<\/strong> Y por el otro, nuestro estado emocional influye en la evoluci\u00f3n de determinadas patolog\u00edas de la piel, empeorando ante el estr\u00e9s.<\/p>\n<p>La piel y el sistema nervioso central comparten hormonas, neurotransmisores y receptores. Esto hace que la piel se convierta en ocasiones en un marcador que indica que algo no est\u00e1 bien.<\/p>\n<p>Desde la \u00a0Asociaci\u00f3n Espa\u00f1ola de Dermatolog\u00eda y Venereolog\u00eda (AEDV) \u00a0destacan que uno de cada tres pacientes que acuden a\u00a0 consulta de primera visita al dermat\u00f3logo tienen sintomatolog\u00eda ansiosa-depresiva producida por su patolog\u00eda.<\/p>\n<p>En ocasiones es el estr\u00e9s el que causa la enfermedad de la piel o su empeoramiento y otras veces es la enfermedad de la piel la que causa estr\u00e9s. El estr\u00e9s -se\u00f1alan desde la AEDV- puede producir un empeoramiento en el acn\u00e9 y en el estado general de la piel, dado que produce una reducci\u00f3n de col\u00e1geno y elastina, responsables de la elasticidad.<\/p>\n<p>En determinadas enfermedades de la piel como la ros\u00e1cea, la psoriasis o el vit\u00edligo el estr\u00e9s est\u00e1 asociado a un empeoramiento de la enfermedad o incluso puede actuar como detonante.<\/p>\n<p>Los dermat\u00f3logos advierten que el estr\u00e9s y la ansiedad pueden producir tambi\u00e9n que los tratamientos funcionen en menor medida.<\/p>\n<h2>Vit\u00edligo y estr\u00e9s<\/h2>\n<p>La Asociaci\u00f3n Espa\u00f1ola de Pacientes de Vit\u00edligo (ASPAVIT) insiste en la importancia de evitar el estr\u00e9s.<\/p>\n<p>En su dec\u00e1logo con recomendaciones para los pacientes con vit\u00edligo recuerda que es muy importante asumir la enfermedad y buscar apoyo piscol\u00f3gico si es necesario.<\/p>\n<p>\u201cEvita el estr\u00e9s -aseguran-. Practica alguna actividad f\u00edsica adecuada a tu edad\u201d. El cuidado de la alimentaci\u00f3n y las visitas al dermat\u00f3logo son otras recomendaciones de ASPAVIT para los pacientes con vit\u00edligo.<\/p>\n<p>En algunos casos, el maquillaje puede ayudar a algunas personas a sentirse mejor. Recientemente abordamos este tema en nuestro blog en un art\u00edculo sobre el maquillaje terap\u00e9utico que pod\u00e9is leer <a href=\"https:\/\/www.tanvitil.com\/blog\/maquillaje-terapeutico-los-beneficios-de-maquillar-las-manchas-blancas\/\" target=\"_blank\" rel=\"noopener noreferrer\">aqu\u00ed,<\/a><\/p>\n","protected":false},"excerpt":{"rendered":"<p>Existe una estrecha relaci\u00f3n entre las enfermedades de la piel y la salud mental. Se estima que uno de cada 3 pacientes que acuden al dermat\u00f3logo por primera vez tienen s\u00edntomas de ansiedad y\/o depresi\u00f3n.<\/p>\n","protected":false},"author":1,"featured_media":2508,"comment_status":"closed","ping_status":"closed","sticky":false,"template":"","format":"standard","meta":{"_et_pb_use_builder":"","_et_pb_old_content":"","_et_gb_content_width":"","footnotes":""},"categories":[1],"tags":[4],"class_list":["post-2506","post","type-post","status-publish","format-standard","has-post-thumbnail","hentry","category-blog","tag-cuidados-para-la-piel"],"_links":{"self":[{"href":"https:\/\/www.tanvitil.com\/pt\/wp-json\/wp\/v2\/posts\/2506","targetHints":{"allow":["GET"]}}],"collection":[{"href":"https:\/\/www.tanvitil.com\/pt\/wp-json\/wp\/v2\/posts"}],"about":[{"href":"https:\/\/www.tanvitil.com\/pt\/wp-json\/wp\/v2\/types\/post"}],"author":[{"embeddable":true,"href":"https:\/\/www.tanvitil.com\/pt\/wp-json\/wp\/v2\/users\/1"}],"replies":[{"embeddable":true,"href":"https:\/\/www.tanvitil.com\/pt\/wp-json\/wp\/v2\/comments?post=2506"}],"version-history":[{"count":3,"href":"https:\/\/www.tanvitil.com\/pt\/wp-json\/wp\/v2\/posts\/2506\/revisions"}],"predecessor-version":[{"id":2511,"href":"https:\/\/www.tanvitil.com\/pt\/wp-json\/wp\/v2\/posts\/2506\/revisions\/2511"}],"wp:featuredmedia":[{"embeddable":true,"href":"https:\/\/www.tanvitil.com\/pt\/wp-json\/wp\/v2\/media\/2508"}],"wp:attachment":[{"href":"https:\/\/www.tanvitil.com\/pt\/wp-json\/wp\/v2\/media?parent=2506"}],"wp:term":[{"taxonomy":"category","embeddable":true,"href":"https:\/\/www.tanvitil.com\/pt\/wp-json\/wp\/v2\/categories?post=2506"},{"taxonomy":"post_tag","embeddable":true,"href":"https:\/\/www.tanvitil.com\/pt\/wp-json\/wp\/v2\/tags?post=2506"}],"curies":[{"name":"wp","href":"https:\/\/api.w.org\/{rel}","templated":true}]}}