{"id":2635,"date":"2020-01-13T14:01:10","date_gmt":"2020-01-13T12:01:10","guid":{"rendered":"https:\/\/www.tanvitil.com\/?p=2635"},"modified":"2020-01-13T14:01:10","modified_gmt":"2020-01-13T12:01:10","slug":"vitiligo-y-depresion","status":"publish","type":"post","link":"https:\/\/www.tanvitil.com\/pt\/blog\/vitiligo-y-depresion\/","title":{"rendered":"Vit\u00edligo y depresi\u00f3n"},"content":{"rendered":"<p>Numerosos estudios corroboran la relaci\u00f3n entre el vit\u00edligo y la depresi\u00f3n. Una relaci\u00f3n que adem\u00e1s parece tener una doble v\u00eda, actuando como detonante en algunos casos, mientras que en otros, la depresi\u00f3n llega tras el diagn\u00f3stico de la enfermedad.<br \/>\n<!--more--><\/p>\n<p>Las personas con vit\u00edligo tienen alrededor de un 20% m\u00e1s de alteraciones psiqui\u00e1tricas que el resto de la poblaci\u00f3n. La depresi\u00f3n es una de ellas.<\/p>\n<p>Seg\u00fan destacan desde la \u00a0<a href=\"https:\/\/aedv.es\/\" target=\"_blank\" rel=\"noopener noreferrer\">Academia Espa\u00f1ola de Dermatolog\u00eda y Venereolog\u00eda (AEDV)<\/a>, uno de cada tres pacientes que acuden a\u00a0 consulta de primera visita al dermat\u00f3logo tienen sintomatolog\u00eda ansiosa-depresiva producida por su patolog\u00eda.<\/p>\n<p>El diagn\u00f3stico del vit\u00edligo suele producir un gran impacto en los\/as pacientes. Sobre todo teniendo en cuenta que la mayor\u00eda de los casos se detectan antes de los 30 a\u00f1os, en edades vulnerables desde el punto de vista emocional.<\/p>\n<p>Habitualmente el vit\u00edligo est\u00e1 asociado a un deterioro en la autoestima, provocando ansiedad ante el desconocimiento sobre la evoluci\u00f3n de la enfermedad y mayor dificultad para las relaciones sociales.<\/p>\n<p>En algunos casos es la propia enfermedad psiqui\u00e1trica la que puede actuar como detonante del vit\u00edligo. Especialmente los cuadros de ansiedad y estr\u00e9s que suelen acabar manifest\u00e1ndose en nuestra piel.<\/p>\n<p>Desde la Asociaci\u00f3n Espa\u00f1ola de Pacientes de Vit\u00edligo (ASPAVIT) advierten sobre la importancia de evitar el estr\u00e9s y de buscar apoyo psicologico. La ayuda profesional puede contribuir a que los pacientes acepten el vit\u00edligo y a que encajen mejor la incertidumbre de su pron\u00f3stico.<\/p>\n<h2>Herramientas frente a la depresi\u00f3n<\/h2>\n<p>El maquillaje puede ser una ayuda para algunas personas. Disimular las manchas blancas ayuda a algunos\/as pacientes. De hecho algunos especialistas recomiendan el maquillaje para el vit\u00edligo como un complemento terap\u00e9utico en el tratamiento de la enfermedad.<\/p>\n<p>Tanvitil es un maquillaje espec\u00edfico para personas con vit\u00edligo que est\u00e1 disponible en dos presentaciones diferentes. Gel para manchas peque\u00f1as y localizadas y spray para zonas m\u00e1s amplias y con pelo.<\/p>\n<p>Pod\u00e9is ampliar la informaci\u00f3n sobre las propiedades terap\u00e9uticas del maquillaje en <a href=\"https:\/\/www.tanvitil.com\/blog\/maquillaje-terapeutico-los-beneficios-de-maquillar-las-manchas-blancas\/\" target=\"_blank\" rel=\"noopener noreferrer\">este art\u00edculo<\/a> de nuestro blog.<\/p>\n","protected":false},"excerpt":{"rendered":"<p>Numerosos estudios corroboran la relaci\u00f3n entre el vit\u00edligo y la depresi\u00f3n. Una relaci\u00f3n que adem\u00e1s parece tener una doble v\u00eda, actuando como detonante en algunos casos, mientras que en otros, la depresi\u00f3n llega tras el diagn\u00f3stico de la enfermedad.<\/p>\n","protected":false},"author":1,"featured_media":2636,"comment_status":"closed","ping_status":"closed","sticky":false,"template":"","format":"standard","meta":{"_et_pb_use_builder":"","_et_pb_old_content":"","_et_gb_content_width":"","footnotes":""},"categories":[1],"tags":[23,6],"class_list":["post-2635","post","type-post","status-publish","format-standard","has-post-thumbnail","hentry","category-blog","tag-maquillaje-para-el-vitiligo","tag-tratamiento-vitiligo"],"_links":{"self":[{"href":"https:\/\/www.tanvitil.com\/pt\/wp-json\/wp\/v2\/posts\/2635","targetHints":{"allow":["GET"]}}],"collection":[{"href":"https:\/\/www.tanvitil.com\/pt\/wp-json\/wp\/v2\/posts"}],"about":[{"href":"https:\/\/www.tanvitil.com\/pt\/wp-json\/wp\/v2\/types\/post"}],"author":[{"embeddable":true,"href":"https:\/\/www.tanvitil.com\/pt\/wp-json\/wp\/v2\/users\/1"}],"replies":[{"embeddable":true,"href":"https:\/\/www.tanvitil.com\/pt\/wp-json\/wp\/v2\/comments?post=2635"}],"version-history":[{"count":1,"href":"https:\/\/www.tanvitil.com\/pt\/wp-json\/wp\/v2\/posts\/2635\/revisions"}],"predecessor-version":[{"id":2637,"href":"https:\/\/www.tanvitil.com\/pt\/wp-json\/wp\/v2\/posts\/2635\/revisions\/2637"}],"wp:featuredmedia":[{"embeddable":true,"href":"https:\/\/www.tanvitil.com\/pt\/wp-json\/wp\/v2\/media\/2636"}],"wp:attachment":[{"href":"https:\/\/www.tanvitil.com\/pt\/wp-json\/wp\/v2\/media?parent=2635"}],"wp:term":[{"taxonomy":"category","embeddable":true,"href":"https:\/\/www.tanvitil.com\/pt\/wp-json\/wp\/v2\/categories?post=2635"},{"taxonomy":"post_tag","embeddable":true,"href":"https:\/\/www.tanvitil.com\/pt\/wp-json\/wp\/v2\/tags?post=2635"}],"curies":[{"name":"wp","href":"https:\/\/api.w.org\/{rel}","templated":true}]}}