{"id":2681,"date":"2020-02-25T13:32:06","date_gmt":"2020-02-25T11:32:06","guid":{"rendered":"https:\/\/www.tanvitil.com\/?p=2681"},"modified":"2020-02-25T13:32:06","modified_gmt":"2020-02-25T11:32:06","slug":"prepara-tu-piel-para-la-primavera","status":"publish","type":"post","link":"https:\/\/www.tanvitil.com\/pt\/blog\/prepara-tu-piel-para-la-primavera\/","title":{"rendered":"Prepara tu piel para la primavera"},"content":{"rendered":"<p>En solo unas semanas saludaremos a la primavera. Despu\u00e9s del fr\u00edo nuestra piel est\u00e1 deshidratada y desvitalizada y ahora toca repararla y prepararla para las primeras exposiciones al sol.<br \/>\n<!--more--><\/p>\n<p>Exfoliaci\u00f3n, hidrataci\u00f3n y fotoprotecci\u00f3n han de formar parte de nuestro ritual de cuidado de la piel a las puertas de la primavera.<\/p>\n<ul>\n<li>Exfoliaci\u00f3n, para eliminar las c\u00e9lulas muertas y renovar tu piel.<\/li>\n<li>Hidrataci\u00f3n, para compensar la deshidataci\u00f3n producida por los meses de fr\u00edo.<\/li>\n<li>Fotoprotecci\u00f3n. Hay que prestar especial atenci\u00f3n a las primeras exposiciones al sol, sobre todo si tienes manchas blancas porque la piel despigmentada es mucho m\u00e1s vulnerable.<\/li>\n<\/ul>\n<p>En primavera las pieles con dermatitis irritativa se resienten a consecuencia de las alergias (al polen, gram\u00ednias, etc.). Es importante recurrir a cremas emolientes para aliviar dermatitis y pieles sensibles. En el caso de los ojos, usar colirios para combatir la irritaci\u00f3n si fuese necesario. Tambi\u00e9n productos espec\u00edficos para los labios y la nariz.<\/p>\n<p>Por otra parte, al subir las temperaturas, se tiende a sudar m\u00e1s, lo que repercute en las pieles grasas o con tendencia acn\u00e9ica.<\/p>\n<h2>Fotosensibilizantes para broncear tu piel<\/h2>\n<p>Si quieres sacar el m\u00e1ximo partido posible a la exposici\u00f3n a los primeros rayos de sol, puedes recurrir a los fotosensibilizantes. Puedes hacerlo a trav\u00e9s de suplementaci\u00f3n oral (<a href=\"https:\/\/www.tratamientodelvitiligo.es\/product\/fenadul-capsulas\/?v=04da73588eed\" target=\"_blank\" rel=\"noopener noreferrer\">Fenadul c\u00e1psulas<\/a>) o por aplicaci\u00f3n t\u00f3pica (<a href=\"https:\/\/www.tratamientodelvitiligo.es\/product\/fenadul-gel\/?v=04da73588eed\" target=\"_blank\" rel=\"noopener noreferrer\">Fenadul gel<\/a>).<\/p>\n<p>Te ayudar\u00e1n a potenciar el bronceado, sobre todo en las zonas despigmentadas, estimulando el trasvase de melanocitos, responsables de la producci\u00f3n de melanina, desde las zonas con pigmento.<\/p>\n<p>Es importante que no olvides la fotoprotecci\u00f3n. Puedes combinar un factor de protecci\u00f3n solar muy alto (50) para las zonas sin manchas blancas y otro menor (SPF 15 o SPF 30 seg\u00fan tu fototipo) para las zonas despigmentadas.<\/p>\n<p>Ante las primeras exposiciones al sol, recuerda que nuestras soluciones de maquillaje, <a href=\"https:\/\/www.tanvitil.com\/maquillaje-vitiligo\/tanvitil-gel\/\" target=\"_blank\" rel=\"noopener noreferrer\">Tanvitil gel<\/a> y<a href=\"https:\/\/www.tanvitil.com\/maquillaje-vitiligo\/tanvitil-spray\/\" target=\"_blank\" rel=\"noopener noreferrer\"> Tanvitil spray<\/a>, no tiene factor de protecci\u00f3n solar. Tendr\u00e1s que aplicarlo aparte.<\/p>\n<p>En cualquier caso, evita las horas centrales del d\u00eda y realiza una exposici\u00f3n progresiva. La piel despigmentada es mucho m\u00e1s vulerable a los efectos nocivos del sol.<\/p>\n","protected":false},"excerpt":{"rendered":"<p>En solo unas semanas saludaremos a la primavera. Despu\u00e9s del fr\u00edo nuestra piel est\u00e1 deshidratada y desvitalizada y ahora toca repararla y prepararla para las primeras exposiciones al sol.<\/p>\n","protected":false},"author":1,"featured_media":2682,"comment_status":"closed","ping_status":"closed","sticky":false,"template":"","format":"standard","meta":{"_et_pb_use_builder":"","_et_pb_old_content":"","_et_gb_content_width":"","footnotes":""},"categories":[1],"tags":[4],"class_list":["post-2681","post","type-post","status-publish","format-standard","has-post-thumbnail","hentry","category-blog","tag-cuidados-para-la-piel"],"_links":{"self":[{"href":"https:\/\/www.tanvitil.com\/pt\/wp-json\/wp\/v2\/posts\/2681","targetHints":{"allow":["GET"]}}],"collection":[{"href":"https:\/\/www.tanvitil.com\/pt\/wp-json\/wp\/v2\/posts"}],"about":[{"href":"https:\/\/www.tanvitil.com\/pt\/wp-json\/wp\/v2\/types\/post"}],"author":[{"embeddable":true,"href":"https:\/\/www.tanvitil.com\/pt\/wp-json\/wp\/v2\/users\/1"}],"replies":[{"embeddable":true,"href":"https:\/\/www.tanvitil.com\/pt\/wp-json\/wp\/v2\/comments?post=2681"}],"version-history":[{"count":1,"href":"https:\/\/www.tanvitil.com\/pt\/wp-json\/wp\/v2\/posts\/2681\/revisions"}],"predecessor-version":[{"id":2683,"href":"https:\/\/www.tanvitil.com\/pt\/wp-json\/wp\/v2\/posts\/2681\/revisions\/2683"}],"wp:featuredmedia":[{"embeddable":true,"href":"https:\/\/www.tanvitil.com\/pt\/wp-json\/wp\/v2\/media\/2682"}],"wp:attachment":[{"href":"https:\/\/www.tanvitil.com\/pt\/wp-json\/wp\/v2\/media?parent=2681"}],"wp:term":[{"taxonomy":"category","embeddable":true,"href":"https:\/\/www.tanvitil.com\/pt\/wp-json\/wp\/v2\/categories?post=2681"},{"taxonomy":"post_tag","embeddable":true,"href":"https:\/\/www.tanvitil.com\/pt\/wp-json\/wp\/v2\/tags?post=2681"}],"curies":[{"name":"wp","href":"https:\/\/api.w.org\/{rel}","templated":true}]}}